{"id":972,"date":"2020-06-21T20:10:17","date_gmt":"2020-06-21T20:10:17","guid":{"rendered":"http:\/\/geodeta.gorzow.pl\/www\/?p=972"},"modified":"2020-06-21T04:22:31","modified_gmt":"2020-06-21T04:22:31","slug":"rencontres-verbier","status":"publish","type":"post","link":"http:\/\/geodeta.gorzow.pl\/www\/2020\/06\/21\/rencontres-verbier\/","title":{"rendered":"Rencontres Verbier"},"content":{"rendered":"<p>Malheureusement, larticle que vous avez s\u00e9lectionn\u00e9 est \u00e9puis\u00e9.  Les abondants r\u00f4les secondaires sont tenus par de jeunes artistes de la Verbier Festival Academy, tous aussi dou\u00e9s et promis \u00e0 de belles carri\u00e8res. <img decoding=\"async\" src=\"http:\/\/www.subject.serenitynowmassagetherapy.com\/img\/400\/59d8d0b435179-services-poser-du-placo-plaquiste-soc-le-thor-84250-paca-1-400.jpg\" alt=\"rencontres verbier\" align=\"right\"> Les billets sont \u00e0 acheter sur place, au plus t\u00f4t 30 minutes avant le d\u00e9but de la s\u00e9ance. Adulte Nous sommes d\u00e9sol\u00e9s, mais certaines parties du site web Airbnb ne fonctionnent pas correctement sans lactivation de JavaScript. Entrainement DH avec Th\u00e9o Cheli et Eva Battolla Entra\u00eenement de v\u00e9lo de descente avec des ambassadeurs Lorchestre symphonique, le Verbier Festival Orchestra, travaillera cette ann\u00e9e avec des chefs v\u00e9ritablement exceptionnels son Directeur musical Charles Dutoit bien s\u00fbr, mais aussi Paavo J\u00e4rvi, Iv\u00e1n Fischer, Jes\u00fas L\u00f3pez Cobos ou encore Michael Tilson Thomas. Le Verbier Festival Chamber Orchestra sera, pour sa part, dirig\u00e9 par de grandes personnalit\u00e9s telles que son Directeur musical G\u00e1bor Tak\u00e1cs-Nagy, Marc Minkowski, Andr\u00e1s Schiff, Emmanuel Krivine ou Michael Tilson Thomas. Les assiettes d\u00e9filent \u00e0 grande vitesse malgr\u00e8 le manque de place dans les cuisines Sinon ya quatre langues officielles par ordre dimportance: Allemand avec 10000 dialectes incompr\u00e9hensibles, le Fran\u00e7ais, lItalien et enfin le Romanche un d\u00e9riv\u00e9 du latin avec un peu dAllemand devrais sugg\u00e9rer aux autorit\u00e9s locales de les rendre escamotables En 2000 est cr\u00e9\u00e9 lUBS Verbier Festival Youth Orchestra, qui deviendra le Verbier Festival Orchestra VFO en 2009. Pour la soir\u00e9e de gala, lorchestre est dirig\u00e9 par et interpr\u00e8te Rhapsody in Blue de et la Symphonie N9 de, mais aussi des \u0153uvres d, et. Veuillez nous excuser pour les mesures de s\u00e9curit\u00e9 Le chef Sergi Arola en mise en place pendant ce temps les autres chefs font eux aussi une pause! Vendredi 27 mars: au Cin\u00e9ma de Verbier \u00e0 18h30: Conf\u00e9rence de Philippe Favre, \u00e9crivain et historien: Mauricius et la l\u00e9gion th\u00e9baine suivie dun cocktail. La conf\u00e9rence traitera de ce quest le martyre de la l\u00e9gion th\u00e9baine qui constitue un des r\u00e9cits fondateurs du christianisme en Europe et est \u00e0 lorigine de la Site officiel de loffice du tourisme de VerbierVal de Bagnes Loriginalit\u00e9 du Festival de Verbier tient, par-del\u00e0 la qualit\u00e9 des interpr\u00e8tes, aux rencontres in\u00e9dites entre les musiciens. La repr\u00e9sentation du Don Giovanni de Mozart le lundi 20 juillet sous la tente de M\u00e9dran en apporte un exemple tout \u00e0 fait significatif. La d\u00e9fection tardive de plusieurs chanteurs Edita Gruberova, Susan Graham, Matthew Poienzani a en effet oblig\u00e9 le directeur g\u00e9n\u00e9ral du festival, Martin T:son Engstroem, \u00e0 op\u00e9rer un remplacement qui se r\u00e9v\u00e8le finalement payant. La Donna Anna remarquable dAnna Masuil, la Donna Elvira r\u00e9volt\u00e9e dAnnette Dusch, le Don Ottavio subtil de Michael Shade, proche du l\u00e9gendaire L\u00e9opold Simoneau, composent des personnages criants de v\u00e9rit\u00e9 face \u00e0 lanimalit\u00e9 de Bryn Terfel photo en Don Giovanni, au chaleureux Leporello de Ren\u00e9 Pape, au Commandeur au style impeccable de Thomas Quasthoff, au juv\u00e9nile Masetto de Robert Gleadow dont on reparlera sans doute et \u00e0 la p\u00e9tillante Zerlina de Sylvia Schwartz. La mise en espace de Marthe Keller est un v\u00e9ritable bonheur de naturel, de fantaisie et dhumour. Chacun peut ainsi individualiser son personnage tout en laissant sexprimer une complicit\u00e9 de tous les instants. A la t\u00eate du Verbier Festival Orchestra, le chef autrichien Manfred Honeck va \u00e0 lessentiel, la s\u00e9curit\u00e9 et la dimension dramatique lemportant souvent sur le dosage des nuances et la l\u00e9g\u00e8ret\u00e9 mozartienne. Martin Engstr\u00f6m, directeur et fondateur de la manifestation en 1994, r\u00e9sume lesprit de Verbier : Les artistes du d\u00e9but sont revenus et sont toujours l\u00e0, apr\u00e8s 25 ans. On a pu cr\u00e9er une sorte de maison d\u00e9t\u00e9 pour eux. Cest vraiment comme une famille qui se revoit chaque \u00e9t\u00e9.  Photo a\u00e9rienne prise en parapente au plafond nuageux de Face \u00e0 la crise sanitaire mondiale actuelle, le Festival sest vu confront\u00e9 \u00e0 une situation difficile et sans pr\u00e9c\u00e9dent, lobligeant ainsi \u00e0 prendre cette d\u00e9cision importante. La priorit\u00e9 \u00e9tant de pr\u00e9server la sant\u00e9 et le bien-\u00eatre de ses artistes, intervenants, \u00e9tudiants, festivaliers, employ\u00e9s et b\u00e9n\u00e9voles, en Suisse et dans le monde. , sur www.rhonefm.ch consult\u00e9 le 22 janvier 2019 En 2016, le Verbier Festival propose un concert au lever du soleil, \u00e0 3 330 m\u00e8tres daltitude sur le. Bon il va falloir que je ram\u00e8ne des photos histoire de faire saliver les personnes m\u00e9connaissant nos contr\u00e9es. <img decoding=\"async\" src=\"http:\/\/fr.1001mags.com\/images\/Couv\/V\/VerbierLife\/58\/30165-VerbierLife-58-Page-013.jpg\" alt=\"rencontres verbier\" align=\"left\"> <img decoding=\"async\" src=\"http:\/\/www.mapverbier.ch\/image-411-6-Vetuste-mazot-2.jpg\" alt=\"rencontres verbier\" align=\"left\"> Leur s\u00e9lection doit bien s\u00fbre \u00eatre \u00e9clectique, elle ne doit pas plaire qu\u00e0 une seule partie dentre vous, mais \u00e0 la plus large partie possible, avec cependant un d\u00e9nominateur commun : Elle doit plaire aux deux associ\u00e9s! A Nicolas et \u00e0 Paul! Elle doit respecter lesth\u00e9tique et l\u00e9thique quils revendiquent. Photos de couverture T\u00e9l\u00e9verbier Fr.Perraudin G.Puippe.<\/p>\n","protected":false},"excerpt":{"rendered":"<p>rencontres verbier<\/p>\n","protected":false},"author":1,"featured_media":0,"comment_status":"closed","ping_status":"closed","sticky":false,"template":"","format":"standard","meta":{"footnotes":""},"categories":[1],"tags":[],"_links":{"self":[{"href":"http:\/\/geodeta.gorzow.pl\/www\/wp-json\/wp\/v2\/posts\/972"}],"collection":[{"href":"http:\/\/geodeta.gorzow.pl\/www\/wp-json\/wp\/v2\/posts"}],"about":[{"href":"http:\/\/geodeta.gorzow.pl\/www\/wp-json\/wp\/v2\/types\/post"}],"author":[{"embeddable":true,"href":"http:\/\/geodeta.gorzow.pl\/www\/wp-json\/wp\/v2\/users\/1"}],"replies":[{"embeddable":true,"href":"http:\/\/geodeta.gorzow.pl\/www\/wp-json\/wp\/v2\/comments?post=972"}],"version-history":[{"count":1,"href":"http:\/\/geodeta.gorzow.pl\/www\/wp-json\/wp\/v2\/posts\/972\/revisions"}],"predecessor-version":[{"id":973,"href":"http:\/\/geodeta.gorzow.pl\/www\/wp-json\/wp\/v2\/posts\/972\/revisions\/973"}],"wp:attachment":[{"href":"http:\/\/geodeta.gorzow.pl\/www\/wp-json\/wp\/v2\/media?parent=972"}],"wp:term":[{"taxonomy":"category","embeddable":true,"href":"http:\/\/geodeta.gorzow.pl\/www\/wp-json\/wp\/v2\/categories?post=972"},{"taxonomy":"post_tag","embeddable":true,"href":"http:\/\/geodeta.gorzow.pl\/www\/wp-json\/wp\/v2\/tags?post=972"}],"curies":[{"name":"wp","href":"https:\/\/api.w.org\/{rel}","templated":true}]}}