{"id":9747,"date":"2020-07-06T16:25:13","date_gmt":"2020-07-06T16:25:13","guid":{"rendered":"http:\/\/geodeta.gorzow.pl\/www\/?p=9747"},"modified":"2020-06-29T16:22:45","modified_gmt":"2020-06-29T16:22:45","slug":"rencontre-ados-facebook","status":"publish","type":"post","link":"http:\/\/geodeta.gorzow.pl\/www\/2020\/07\/06\/rencontre-ados-facebook\/","title":{"rendered":"Rencontre Ados Facebook"},"content":{"rendered":"<p>Est-ce quon peut d\u00e9caler linterview? Claire ne peut pas faire de promo car elle doit reposer sa voix. Ce mail envoy\u00e9 par son attach\u00e9e de presse fait partie dune multitude de signes quon observe d\u00e9j\u00e0 depuis quelques temps chez et qui laissent pr\u00e9sager quelle nest pas une chanteuse tout \u00e0 fait habituelle. <img decoding=\"async\" src=\"http:\/\/www.celibatairesduweb.com\/img\/GrandFormat\/sherbrooke-rencontre_en_ligne-324315.png\" alt=\"rencontre ados facebook\" align=\"center\"> 2008 1 Site de rencontre pour femme riche, site rencontre toulouse, site annonce rencontre gratuit, site de rencontre femme africaine vivant en france, site de rencontre Orly 94310 Ormoy 91540 Paray-Vieille-Poste 91550 P\u00e9rigny 94520 Ponthierry 77310 Pringy 77310, escorte c\u00e9lib, jeunesse les hommes et les couples \u00e0 la recherche de ce type de belles contreparties telles que des places gratuites pour notre \u00e9v\u00e9nement mais pour cela AIDE Les effets d\u00e9l\u00e9t\u00e8res dun t\u00eate-\u00e0-t\u00eate continu avec l\u00e9cran nont plus \u00e0 \u00eatre expliqu\u00e9s, remarque lAssociation des p\u00e9diatres du Qu\u00e9bec, qui juge inacceptable du point de vue de la sant\u00e9 mentale de consid\u00e9rer que les \u00e9l\u00e8ves du secondaire poursuivent leur scolarisation \u00e0 distance pendant lautomne. Capture Teexto.com Il faut fermer ces plateformes! Roger McGowen, ici en f\u00e9vrier 2010 dans le couloir de la mort de la Poluntski Unit de Livingston, Texas. Il en est sorti en 2012 pour rejoindre la Wynne Unit, a\u0300 Huntsville. Photo DR Le quartier du palais de justice de N\u00eemes a \u00e9t\u00e9 boucl\u00e9 par la police apr\u00e8s la mort dun homme par arme \u00e0 feu dans lenceinte de la cour dappel. Pour ne rien manquer, du contenu en rafale, des promotions exclusives, des concours et bien plus encore! Les activit\u00e9s du Pr\u00e9sident de la semaine du 08 juin 2020 au 14 juin 2020 Dans la petite \u00e9glise Saint-Thomas de Huntsville, les tables sont joliment dress\u00e9es. Au mur, des grands portraits de ceux qui sont derri\u00e8re les murs, ainsi que tous les Polaroid pris la veille par la gardienne photographe. Veronica, la s\u0153ur jumelle dEmilio Rodriguez, un ancien cod\u00e9tenu de Roger, a tout arrang\u00e9 depuis des semaines : elle a contact\u00e9 les familles, les b\u00e9n\u00e9voles de Radio Oasis qui parle aux d\u00e9tenus de Huntsville tous les dimanches soirs, les amis de Roger r\u00e9cemment lib\u00e9r\u00e9s et ses avocats. Son mari a achemin\u00e9 un barbecue g\u00e9ant, o\u00f9 grillent d\u00e9j\u00e0 des pi\u00e8ces de viande odorantes. Des ados endimanch\u00e9s disposent des saladiers sur un comptoir. Peu \u00e0 peu, les familles font la connaissance des correspondants fran\u00e7ais de leur enfant, mari ou p\u00e8re. Une vieille dame solitaire, convi\u00e9e par la bande de Veronica, est chaleureusement entour\u00e9e : elle a conduit 1 000 km depuis le Missouri pour voir son mari de 80 ans tout juste incarc\u00e9r\u00e9 \u00e0 la Wynne Unit. Emilio et dautres d\u00e9tenus \u00e9mus par son histoire ont pris sous leur aile ce petit vieux fragile, aper\u00e7u au parloir, qui ne comprend rien \u00e0 ce qui lui arrive. &#8212;&#8212;&#8212;&#8212;&#8212;&#8212;&#8212;&#8212;&#8212;&#8212;&#8212;&#8211;contient des expressions insultantes, un langage grossier et leurs d\u00e9riv\u00e9s, ainsi que des allusions \u00e0 lutilisation d\u00e9l\u00e9ments lexicaux r\u00e9pondant \u00e0 cette d\u00e9finition; <img decoding=\"async\" src=\"http:\/\/scd.france24.com\/fr\/files_fr\/imagecache\/home_1024\/article\/image\/amanda-todd.jpg\" alt=\"rencontre ados facebook\" align=\"right\"> Soci\u00e9t\u00e9 Port g\u00e9n\u00e9ralis\u00e9 du masque : lid\u00e9e fait son chemin   La compagnie irlandaise annonce vouloir reprendre ses vols vers la Catalogne \u00e0 partir du 1er juillet. 36 villes europ\u00e9ennes seront reli\u00e9es \u00e0 G\u00e9rone, 52 le seront \u00e0 Barcelone et 12 \u00e0 Reus Tarragone. Le 9 juillet 2019, les \u00e9lus de Nouvelle-Aquitaine r\u00e9unis en s\u00e9ance pl\u00e9ni\u00e8re o Je mappelle M\u00e9lina. Jhabite dans le 85, en Vend\u00e9e. Je suis en 4eme, jai 13ans. Je suis brun aux yeux marrons, basiques. 1m57 a peu pr\u00e8s. Je cherche un mec qui serait fid\u00e8le, m\u00eame \u00e2ge que moi et qui est tj en train de le parler 3 : <img decoding=\"async\" src=\"http:\/\/www.onegpiantleap.tk\/blog\/wp-content\/uploads\/2010\/10\/waynewhite_03-1-e1287234478420.jpg\" alt=\"rencontre ados facebook\" align=\"right\"> Confinement et anxi\u00e9t\u00e9 : lUMons propose un site pour aider les enfants, les ados et les jeunes adultes Tous les \u00e9v\u00e9nements, Forum des associations, Journ\u00e9es du b\u00e9n\u00e9volat, Carrefour des associations, J.. Carla Bruni, Julien Clerc Sa rencontre avec Djigui, un jeune Malgache ou mtisse marseille bouches, Bien sur que chaque hommes veut faire moins defforts et rencontrer une femme id\u00e9ale qui en plus parle d\u00e9j\u00e0 fran\u00e7ais et de Postez votre annonce rencontre sur Mamoitie: des rencontres de qualit\u00e9, des annonces rencontre pour tous les go\u00fbts, une chance de faire la vraie rencontre! Face aux d\u00e9lais quils jugent trop longs dans la livraison, plusieurs clients ont t\u00e9moign\u00e9 leur m\u00e9contentement. Lenseigne de son c\u00f4t\u00e9 plaide sa bonne foi et confirme une mise \u00e0 disposition prochaine des produits..<\/p>\n","protected":false},"excerpt":{"rendered":"<p>rencontre ados facebook<\/p>\n","protected":false},"author":1,"featured_media":0,"comment_status":"closed","ping_status":"closed","sticky":false,"template":"","format":"standard","meta":{"footnotes":""},"categories":[1],"tags":[],"_links":{"self":[{"href":"http:\/\/geodeta.gorzow.pl\/www\/wp-json\/wp\/v2\/posts\/9747"}],"collection":[{"href":"http:\/\/geodeta.gorzow.pl\/www\/wp-json\/wp\/v2\/posts"}],"about":[{"href":"http:\/\/geodeta.gorzow.pl\/www\/wp-json\/wp\/v2\/types\/post"}],"author":[{"embeddable":true,"href":"http:\/\/geodeta.gorzow.pl\/www\/wp-json\/wp\/v2\/users\/1"}],"replies":[{"embeddable":true,"href":"http:\/\/geodeta.gorzow.pl\/www\/wp-json\/wp\/v2\/comments?post=9747"}],"version-history":[{"count":1,"href":"http:\/\/geodeta.gorzow.pl\/www\/wp-json\/wp\/v2\/posts\/9747\/revisions"}],"predecessor-version":[{"id":9748,"href":"http:\/\/geodeta.gorzow.pl\/www\/wp-json\/wp\/v2\/posts\/9747\/revisions\/9748"}],"wp:attachment":[{"href":"http:\/\/geodeta.gorzow.pl\/www\/wp-json\/wp\/v2\/media?parent=9747"}],"wp:term":[{"taxonomy":"category","embeddable":true,"href":"http:\/\/geodeta.gorzow.pl\/www\/wp-json\/wp\/v2\/categories?post=9747"},{"taxonomy":"post_tag","embeddable":true,"href":"http:\/\/geodeta.gorzow.pl\/www\/wp-json\/wp\/v2\/tags?post=9747"}],"curies":[{"name":"wp","href":"https:\/\/api.w.org\/{rel}","templated":true}]}}