{"id":9753,"date":"2020-07-06T10:46:13","date_gmt":"2020-07-06T10:46:13","guid":{"rendered":"http:\/\/geodeta.gorzow.pl\/www\/?p=9753"},"modified":"2020-06-29T17:01:42","modified_gmt":"2020-06-29T17:01:42","slug":"rencontre-lorie-et-garou","status":"publish","type":"post","link":"http:\/\/geodeta.gorzow.pl\/www\/2020\/07\/06\/rencontre-lorie-et-garou\/","title":{"rendered":"Rencontre Lorie Et Garou"},"content":{"rendered":"<p>Annexes Bibliographie Ouvrages de Lorie Psycho-G\u00e9rer le stress sanitaire dans les transports en commun <img decoding=\"async\" src=\"http:\/\/static1.puretrend.com\/articles\/5\/91\/75\/5\/@\/1033145-lorie-membre-du-jury-de-cette-300x275-5.jpg\" alt=\"rencontre lorie et garou\" align=\"right\"> Je souhaite aussi recevoir les bons plans des partenaires du site Neuf mois apr\u00e8s la sortie de lalbum, une r\u00e9\u00e9dition voit le jour, incluant le titre in\u00e9dit. Celui-ci devient rapidement lun des, mais \u00e9galement lun des plus gros succ\u00e8s de la chanteuse. Sexo-Quand votre adolescent ram\u00e8ne son amoureuxse \u00e0 la maison Cr\u00e9dit photographique pour toutes les images de ce site sauf indication : iStockphoto.  Ce mode permet doptimiser le confort de lecture et de r\u00e9duire la fatigue oculaire. Un r\u00e9cit qui a beaucoup amus\u00e9 autour de la table ce vendredi. Et que Lorie a finalement nuanc\u00e9 en expliquant que c\u00e9tait finalement la ran\u00e7on de la gloir. Il faut vivre avec, m\u00eame si ce nest pas forc\u00e9ment \u00e9vident a-t-elle finalement conclu. Quon puisse enregistrer les publicit\u00e9s que vous avez d\u00e9j\u00e0 vues afin que vous ne voyiez pas toujours la m\u00eame chose Garou va pouvoir arr\u00eater de chanter Seul. Le Qu\u00e9b\u00e9cois, qui s\u00e9duit les.. Dans Koh-Lanta, l\u00eele des H\u00e9ros, ce vendredi 29 mai sur TF1, Moussa a \u00e9t\u00e9 \u00e9limin\u00e9. En exclusivit\u00e9 pour MYTF1, laventurier revient sur son aventure.  <img decoding=\"async\" src=\"http:\/\/cf.img.v4.skyrock.net\/5327\/65765327\/pics\/2638034826_1.jpg\" alt=\"rencontre lorie et garou\" align=\"right\"> Ajouter pour personnaliser Voici. Soyez alert\u00e9 \u00e0 chaque nouvelle actu de : Lorie <img decoding=\"async\" src=\"http:\/\/www.malambo.fr\/wp-content\/uploads\/images\/news\/garoulorie.jpg\" alt=\"rencontre lorie et garou\" align=\"left\"> Jai trouv\u00e9 ma moiti\u00e9. Je suis amoureux. Je nen dirai pas plus sur ma compagne. Je nai pas envie de voir mon histoire m\u00e9diatis\u00e9e comme la pr\u00e9c\u00e9dente, De retour ce soir dans The Voice 5 sur TF1, Garou na pas h\u00e9sit\u00e9 \u00e0 user de ses charmes pour.. Rester la m\u00eame et Live Tour 2006 2005-2006 Marilyn Lima et Nicolas Duvauchelle pour Une sir\u00e8ne \u00e0 Paris Samedi soir sur TF1, retrouvez une soir\u00e9e sp\u00e9ciale Restos du Coeur avec le concert Mission Enfoir\u00e9s suivie par Les 30 chansons des Enfoir\u00e9s que vous noublierez jamais. Aimer le contenu, partager avec vos amis ou donner votre avis? En plus de tous les autres cookies, vous b\u00e9n\u00e9ficiez \u00e9galement des cookies de m\u00e9dias sociaux. Avec ces param\u00e8tres, les cat\u00e9gories de cookies suivantes seront charg\u00e9es: Retrouvez toute lactu t\u00e9l\u00e9, les audiences et ce qui buzz avec T\u00e9l\u00e9 2 Semaines  Au programme de cette deuxi\u00e8me soir\u00e9e The Voice 2020 : Les KO avec l\u00e9quipe dAmel Bent, samedi 11 avril sur TF1 : Fayz chante Laziza de Daniel Balavoine. Lu\u00eds Iglesia, actor nado en Riotorto, Lugo no ano 1962. Nous somme malheureusement \u00e9loign\u00e9s tr\u00e8s souvent, mais on parle de tout. Nous ne vivons pas dans une complicit\u00e9 quotidienne mais plut\u00f4t de continuelles retrouvailles, Int\u00e9grale-Le cahier de vacances de Charline Vanhoenacker et Guillaume Meurice.<\/p>\n","protected":false},"excerpt":{"rendered":"<p>rencontre lorie et garou<\/p>\n","protected":false},"author":1,"featured_media":0,"comment_status":"closed","ping_status":"closed","sticky":false,"template":"","format":"standard","meta":{"footnotes":""},"categories":[1],"tags":[],"_links":{"self":[{"href":"http:\/\/geodeta.gorzow.pl\/www\/wp-json\/wp\/v2\/posts\/9753"}],"collection":[{"href":"http:\/\/geodeta.gorzow.pl\/www\/wp-json\/wp\/v2\/posts"}],"about":[{"href":"http:\/\/geodeta.gorzow.pl\/www\/wp-json\/wp\/v2\/types\/post"}],"author":[{"embeddable":true,"href":"http:\/\/geodeta.gorzow.pl\/www\/wp-json\/wp\/v2\/users\/1"}],"replies":[{"embeddable":true,"href":"http:\/\/geodeta.gorzow.pl\/www\/wp-json\/wp\/v2\/comments?post=9753"}],"version-history":[{"count":1,"href":"http:\/\/geodeta.gorzow.pl\/www\/wp-json\/wp\/v2\/posts\/9753\/revisions"}],"predecessor-version":[{"id":9754,"href":"http:\/\/geodeta.gorzow.pl\/www\/wp-json\/wp\/v2\/posts\/9753\/revisions\/9754"}],"wp:attachment":[{"href":"http:\/\/geodeta.gorzow.pl\/www\/wp-json\/wp\/v2\/media?parent=9753"}],"wp:term":[{"taxonomy":"category","embeddable":true,"href":"http:\/\/geodeta.gorzow.pl\/www\/wp-json\/wp\/v2\/categories?post=9753"},{"taxonomy":"post_tag","embeddable":true,"href":"http:\/\/geodeta.gorzow.pl\/www\/wp-json\/wp\/v2\/tags?post=9753"}],"curies":[{"name":"wp","href":"https:\/\/api.w.org\/{rel}","templated":true}]}}