{"id":9755,"date":"2020-07-06T12:53:15","date_gmt":"2020-07-06T12:53:15","guid":{"rendered":"http:\/\/geodeta.gorzow.pl\/www\/?p=9755"},"modified":"2020-06-29T17:02:03","modified_gmt":"2020-06-29T17:02:03","slug":"rencontre-photo-niort","status":"publish","type":"post","link":"http:\/\/geodeta.gorzow.pl\/www\/2020\/07\/06\/rencontre-photo-niort\/","title":{"rendered":"Rencontre Photo Niort"},"content":{"rendered":"<p>1 037 membres souhaitant appara\u00eetrent dans les r\u00e9sultats de recherche correspondent \u00e0 ta recherche. Utilise les filtres pour affiner ta recherche. Pour ses 25 ans, la Villa a donc rappel\u00e9 200 photographes ayant particip\u00e9 au festival ces deux d\u00e9cennies, dans le but doffrir une r\u00e9trospective aux visiteurs. Lid\u00e9e, cest de montrer comment la photographie contemporaine a \u00e9volu\u00e9, notamment avec toutes les avanc\u00e9es technologiques quelle a rencontr\u00e9 depuis, en passant de largentique au num\u00e9rique, poursuit le directeur, alors quon pourrait sattendre \u00e0 ce que la technologie ait chang\u00e9 lapproche photographique, on se rend compte que si la fa\u00e7on de faire est diff\u00e9rente, ainsi que les formats et lusage de la couleur, les grands th\u00e8mes universels sont toujours au c\u0153ur du travail photographique.  Le directeur artistique Patrick Delat aime multiplier les focus, puisque la photographie est lart de la rencontre, quelle sappuie sur elle, que le proc\u00e9d\u00e9 lui-m\u00eame en est t\u00e9moin. Au c\u0153ur de cette volont\u00e9 de r\u00e9v\u00e9ler lart photographique daujourdhui, une r\u00e9sidence de jeunes talents, s\u00e9lectionn\u00e9s par un jury et coach\u00e9s pendant quinze jours par une pointure : lan dernier, c\u00e9tait Olivier Culman, cette ann\u00e9e Isabel Mu\u00f1oz, dont les clich\u00e9s en tr\u00e8s grand format illuminent le salon dhonneur de la mairie. R\u00e9sidence Inutile de venir maborder pour le cul, je ne suis pas en manque merci Rejoignez le Club et b\u00e9n\u00e9ficiez de nombreux avantages toute lann\u00e9e! ma vie? Maman.. Et femme. 48 ans oui et alors. Encore plein de choses \u00e0 faire et \u00e0 d\u00e9couvrir. Background: urlhttp:sortiraniort.frsan2016wp-contentthemesSortiraNiortassetsimageshome-search-bg.png repeat; Pour cette derni\u00e8re rencontre de la phase aller de Ligue 2, les Sang et Or pourront compter sur un stade Bollaert-Delelis copieusement garni. Jeudi en milieu de journ\u00e9e, un peu plus de 26 000 billets avaient \u00e9t\u00e9 vendus. Depuis le d\u00e9but de saison, laffluence moyenne \u00e0 Bollaert-Delelis, sur les huit matchs jou\u00e9s en Artois, est de 27 242 spectateurs. Blog Olivier Culmann, star des Rencontres de la jeune photo de Niort Marcher sur la morale. Boire du th\u00e9 noir envelopp\u00e9 de rouge et dor. Transformer son prince en grenouille. Lire Colette. Poursuivre son plan. Et respecter la v\u00e9rit\u00e9. Lacer le jaune. Mesurer les choses. Emm\u00ealer les p\u00e9tales. Et enfiler le carreau. Sculpter les l\u00e9gumes. Lancer les souvenirs. Et d\u00e9nicher \u00e0 la recyclerie. Et puis lire Proust. Fl\u00e2ner en amoureux. Et sembarquer. S\u00e9quilibrer dune rose. Dans le sable. Sarrondir dune confiture. Agrandir la boucle. Prendre un caf\u00e9 Plein Sud. Enlacer sa peau. D\u00e9clarer sur le papier. Dune fille \u00e0 sa m\u00e8re. Et encore lire Perec. Sur les toits orang\u00e9s. Aligner les livres rouges. Faire voler les violets. Et briller le cristal. Sous l\u00e9quilibre v\u00e9g\u00e9tal. Et lombre du blanc. Puis trancher le motif. Et piquer liris. Faire scintiller lanneau. Dun bleu maternel. Sur les genoux. Port\u00e9 par le bleu. Et passer par la chemin\u00e9e. En examinant la feuille. Et le jeu dun enfant. Sans jamais oublier son p\u00e9ch\u00e9. Des plus chocolat\u00e9s. En suspens de dentelle. Un amour en cage envol\u00e9. Dun flacon \u00e9chapp\u00e9. Faire mouche. Et toujours d\u00e9construire. Puis r\u00e9\u00e9crire son histoire. A travers un regard.  M\u00e9diateur de ressources et de services : Laurence Bertin-Lecuyer Le b\u00e9b\u00e9 est n\u00e9 avec lEurope dart dart, une manifestation culturelle cr\u00e9\u00e9e par la Ville de Niort en 1989, dans le cadre du bicentenaire de la R\u00e9volution fran\u00e7aise, qui r\u00e9unissait des artistes venus des villes jumelles. Animateur de latelier photo du centre socioculturel de Sainte-Pezenne, Patrick Delat y prenait en main le volet photo. Mine de rien, c\u00e9tait l\u00e0 l\u00e9l\u00e9ment fondateur de lassociation Pour lInstant et des Rencontres de la jeune photographie internationale. La version de votre navigateur est obsol\u00e8te. Afin de vous garantir une exp\u00e9rience optimale, nous vous recommandons de le mettre \u00e0 jour  <img decoding=\"async\" src=\"http:\/\/cdn-s-www.ledauphine.com\/images\/3D773025-0304-4827-9397-3B52F394F96D\/LDL_V0_12\/la-mariee-evelia-reyes-etait-accompagnee-de-trois-enfants-d-un-precedent-mariage-elle-a-explique-qu-elle-avait-rencontre-son-mari-brian-houston-il-y-a-trois-ans-a-tijuana-photo-afp-guillermo-arias-1511118320.jpg\" alt=\"rencontre photo niort\" align=\"center\"> La lumi\u00e8re ferme limage comme une note positive. Klavdij Sluban <img decoding=\"async\" src=\"http:\/\/www.club1900.com\/wp-content\/uploads\/2015\/10\/4p-1024x1024.jpg\" alt=\"rencontre photo niort\" align=\"left\"> Lassociation Pour linstant, organisatrice des Rencontres de la jeune photographie internationale et gestionnaire du CACP-Villa P\u00e9rochon, f\u00eate 25 ans de passion pour la photo et de d\u00e9couvertes de jeunes talents \u00e9mergents. Expositions, rencontres, projections, \u00e9changes, master class, soir\u00e9es musicales constitueront le gros g\u00e2teau anniversaire. 110620 : Apr\u00e8s une relance de ses vols r\u00e9guliers Limoges-Lyon amorc\u00e9e mi-juin, Chalair Aviation confirme son programme de vols saisonniers vers Ajaccio et <img decoding=\"async\" src=\"http:\/\/www.blackandbeauties.com\/maj\/upload\/compte\/photos\/photo_f6eb89c1ddee24fd3a9069fcb0ed6729.jpg\" alt=\"rencontre photo niort\" align=\"right\">.<\/p>\n","protected":false},"excerpt":{"rendered":"<p>rencontre photo niort<\/p>\n","protected":false},"author":1,"featured_media":0,"comment_status":"closed","ping_status":"closed","sticky":false,"template":"","format":"standard","meta":{"footnotes":""},"categories":[1],"tags":[],"_links":{"self":[{"href":"http:\/\/geodeta.gorzow.pl\/www\/wp-json\/wp\/v2\/posts\/9755"}],"collection":[{"href":"http:\/\/geodeta.gorzow.pl\/www\/wp-json\/wp\/v2\/posts"}],"about":[{"href":"http:\/\/geodeta.gorzow.pl\/www\/wp-json\/wp\/v2\/types\/post"}],"author":[{"embeddable":true,"href":"http:\/\/geodeta.gorzow.pl\/www\/wp-json\/wp\/v2\/users\/1"}],"replies":[{"embeddable":true,"href":"http:\/\/geodeta.gorzow.pl\/www\/wp-json\/wp\/v2\/comments?post=9755"}],"version-history":[{"count":1,"href":"http:\/\/geodeta.gorzow.pl\/www\/wp-json\/wp\/v2\/posts\/9755\/revisions"}],"predecessor-version":[{"id":9756,"href":"http:\/\/geodeta.gorzow.pl\/www\/wp-json\/wp\/v2\/posts\/9755\/revisions\/9756"}],"wp:attachment":[{"href":"http:\/\/geodeta.gorzow.pl\/www\/wp-json\/wp\/v2\/media?parent=9755"}],"wp:term":[{"taxonomy":"category","embeddable":true,"href":"http:\/\/geodeta.gorzow.pl\/www\/wp-json\/wp\/v2\/categories?post=9755"},{"taxonomy":"post_tag","embeddable":true,"href":"http:\/\/geodeta.gorzow.pl\/www\/wp-json\/wp\/v2\/tags?post=9755"}],"curies":[{"name":"wp","href":"https:\/\/api.w.org\/{rel}","templated":true}]}}