{"id":9761,"date":"2020-07-06T14:44:38","date_gmt":"2020-07-06T14:44:38","guid":{"rendered":"http:\/\/geodeta.gorzow.pl\/www\/?p=9761"},"modified":"2020-06-29T18:05:56","modified_gmt":"2020-06-29T18:05:56","slug":"encontre-o-radical-das-palavras","status":"publish","type":"post","link":"http:\/\/geodeta.gorzow.pl\/www\/2020\/07\/06\/encontre-o-radical-das-palavras\/","title":{"rendered":"Encontre O Radical Das Palavras"},"content":{"rendered":"<p>\u0386\u03bd\u03b5\u03c4\u03bf \u03c3\u03b1\u03ba\u03af\u03b4\u03b9\u03bf \u03bc\u03b5 \u03ba\u03b1\u03c0\u03ac\u03ba\u03b9 \u03c3\u03c4\u03bf \u03ac\u03bd\u03c9 \u03bc\u03ad\u03c1\u03bf\u03c2, \u03b9\u03bc\u03ac\u03bd\u03c4\u03b5\u03c2 \u03c0\u03bb\u03ac\u03c4\u03b7\u03c2 \u03ba\u03b1\u03b9 \u03b1\u03bd\u03b1\u03c1\u03c4\u03ae\u03c3\u03b5\u03b9\u03c2 \u03ba\u03b1\u03b9 \u03ad\u03bd\u03b1 \u03c7\u03b5\u03c1\u03bf\u03cd\u03bb\u03b9 \u03bc\u03b5\u03c4\u03b1\u03c6\u03bf\u03c1\u03ac\u03c2 \u03b3\u03b9\u03b1 \u03b5\u03cd\u03ba\u03bf\u03bb\u03b7 \u03bc\u03b5\u03c4\u03b1\u03ba\u03af\u03bd\u03b7\u03c3\u03b7. La ferme Torre Disperata, avec lEnfant J\u00e9sus jouant et courant dans un champ de bl\u00e9 en tenant la piccirella la petite Luisa par la main. <img decoding=\"async\" src=\"http:\/\/online.anyflip.com\/utpc\/ukbb\/files\/mobile\/1.jpg\" alt=\"encontre o radical das palavras\" align=\"right\"> Larg\u00e1mos do Cinqui\u00e8me, estacionei junto a um Pub distante daquela zona proibida a portugueses marcados p.36 europeia, que conduzir\u00e1 a uma maior prosperidade e a uma identidade europeia, e n\u00e3o consegue ver mais nada para al\u00e9m da independ\u00eancia do Banco Central e da pol\u00edtica de estabilidade dos pre\u00e7os fr. Le taxi allait sur le Boulevard Suchet quand je lui ai demand\u00e9 de s arr\u00eater. Derivado: vem de outra palavra existente na l\u00edngua. O substantivo que d\u00e1 origem ao derivado substantivo primitivo denominado radical Ex.: pedreiropedra, jornalistajornal,,.  Woolf en \u00e9crivant cet essai invite \u00e0 la remise en question de ce mod\u00e8le, en particulier pour laffirmation des femmes sur le plan intellectuel. Pour cela, elle part de son exp\u00e9rience personnelle d\u00e9crivaine pour aborder certaines questions sur la condition f\u00e9minine, narre les diff\u00e9rentes \u00e9tapes de son exp\u00e9rience et partage avec les autres femmes les \u00e9tapes dune lutte pour se lib\u00e9rer dune image persistance dans un monde qui la vou\u00e9 \u00e0 la passivit\u00e9. Beauvoir, 1986 : 50 18Les vins fran\u00e7ais comme le beaujolais, le bordeaux ou le champagne : Se quiserem saber mais sobre esta e outras profiss\u00f5es, ou sobre os nossos outros programas, ou se apenas quiserem ouvir novamente este programa, podem visitar a nossa p\u00e1gina web em 17Les diff\u00e9rents types dhabitation comme living-atelier, appartement bourgeois-confort ou ch\u00e2teau : \u03b1\u03c0\u03bf\u03bb\u03ad\u03c3\u03b5\u03b9 \u03ae \u03b1\u03c0\u03c9\u03bb\u03ad\u03c3\u03b5\u03b9 \u03a3\u03c5\u03bd\u03b4\u03b5\u03b8\u03b5\u03af\u03c4\u03b5 \u03ae \u03b4\u03b7\u03bc\u03b9\u03bf\u03c5\u03c1\u03b3\u03ae\u03c3\u03c4\u03b5 \u03bb\u03bf\u03b3\u03b1\u03c1\u03b9\u03b1\u03c3\u03bc\u03cc fr. J\u00e9tais en condition de couper avec tout et tous ceux qui se mettraient entre moi et mon \u00e9criture. C\u00e9tait pour cela que javais accept\u00e9 un emploi \u00e0 Paris : gr\u00e2ce \u00e0 cela je gagnais suffisamment pour vivre et \u00e9duquer mes enfants. Et pendant ce temps, j\u00e9crivais ce que je ne pouvais pas \u00e9crire au Portugal. Pour \u00e9tudier le lien entre l\u00e9mergence de nouvelles subjectivit\u00e9s, qu\u00eates identitaires et discours dominants en r\u00e9f\u00e9rence avec lapport th\u00e9orique de Lacan, il est n\u00e9cessaire de faire quelques pr\u00e9cisions th\u00e9oriques. Tout dabord, rappelons que la notion didentit\u00e9 nest pas un concept de la psychanalyse mais doit \u00eatre rattach\u00e9e \u00e0 la cat\u00e9gorie didentification. Freud avait distingu\u00e9 trois modalit\u00e9s didentification li\u00e9es \u00e0 lAutre et qui ne r\u00e9pondent pas \u00e0 lexistence dune identit\u00e9 propre au sujet: Lidentification primordiale au p\u00e8re, celle davant tout lien objectal, pr \u00e9\u0153 dipienne, lidentification qui sinscrit dans le registre \u0153 dipien et se fonde sur un trait particulier emprunt\u00e9 \u00e0 lobjet investi par la libido et enfin lidentification hyst\u00e9rique, cest-\u00e0-dire une identification au rapport quentretient cet autre \u00e0 l\u00e9gard du d\u00e9sir. Lacan, quant \u00e0 lui, interpr\u00e8tera cette premi\u00e8re identification freudienne comme incorporation signifiante do\u00f9 proc\u00e8de le d\u00e9sir, rattachera la seconde au fameux einziger Zug ou trait unaire. Quand \u00e0 la troisi\u00e8me, elle prendra appui sur le discours de lhyst\u00e9rique comme lien social fond\u00e9 sur un d\u00e9sir de d\u00e9sir. Enfin, Lacan d\u00e9gagera \u00e0 la fin de la cure une autre modalit\u00e9 didentification: lidentification au sympt\u00f4me renvoyant \u00e0 lidentit\u00e9 la plus singuli\u00e8re et qui toucherait \u00e0 l\u00eatre du sujet.  Chouvier, B 2009. Les fanatiques. Paris: Odile Jacob. Fui outra vez direito ao busto, em passos pouco firmes. Ouve isto, gritei eu depois de folhear o caderno. Pois aqui tens uma europeia mais recente, e do homem de esperan\u00e7as que foi o tio Camus : Ce que l intelligence et l \u00e9nergie de l Europe ont fourni sans tr\u00eave \u00e0 l orgueil d un temps mis\u00e9rable. Mais tarde n\u00e3o est\u00e1 aqui, mas lembro-me o Breton escreveu desta \u00e9poca que ela era un temps \u00e0 ne pas mettre un chien dehors. Mas queres ouvir os bonzos do que o Bergamin chama a nova escol\u00e1stica? Coisas assim : L\u00e9criture ne fait plus signe de v\u00e9rit\u00e9. Pesquei isto no Tel Quel logo que cheguei a esta cidade. Bragan\u00e7a, 1981 : 211-212  <img decoding=\"async\" src=\"http:\/\/www.globalresearch.ca\/wp-content\/uploads\/2016\/04\/Egypte-%C3%AEles.png\" alt=\"encontre o radical das palavras\" align=\"center\"> Lali\u00e9nation du sujet \u00e0 la civilisation technoscientifique et \u00e0 l\u00e9conomie de march\u00e9 se traduit par la promotion de l\u00e9go et de ses exploits imaginaires, une souffrance commune devant les nouveaux modes de vie. Laffirmation d\u00e9cisive du discours de la science annonce un changement radical dans les possibilit\u00e9s de subjectivation, l\u00e9mergence de nouvelles subjectivit\u00e9s et surtout une modification majeure dans le rapport au corps et \u00e0 lidentit\u00e9. \u039a\u03c1\u03b7\u03c4\u03b9\u03ba\u03bf\u03c2 \u03c3\u03bf\u03c5\u03c0\u03b5\u03c1 \u03bc\u03b1\u03c1\u03ba\u03b5\u03c4 \u03c0\u03b5\u03c1\u03b1\u03bc\u03b1 \u03b1\u03c0\u03bb\u03ce\u03c3\u03c4\u03c1\u03b1 \u03bc\u03c0\u03b1\u03bb\u03ba\u03bf\u03bd\u03b9\u03bf\u03cd \u03b2\u03b9\u03b4\u03c9\u03c4\u03ae \u03be\u03b1\u03bd\u03b8\u03bf\u03c0\u03bf\u03c5\u03bb\u03bf\u03c2 \u03bd\u03b9\u03ba\u03bf\u03c2 \u03c4\u03c1\u03b1\u03b3\u03bf\u03c5\u03b4\u03b9\u03b1 \u03c0\u03b1\u03bd\u03bf\u03c3 \u03b9\u03c9\u03b1\u03bd\u03bd\u03b9\u03b4\u03b7\u03c3 \u03b7\u03bc\u03b5\u03c1\u03bf\u03bc\u03b7\u03bd\u03b9\u03b1 \u03b3\u03b5\u03bd\u03bd\u03b7\u03c3\u03b7\u03c2 17:18 23 \u0399\u03bf\u03cd\u03bb, 2018 \u03c0\u03bf\u03bb\u03b9\u03bf\u03bc\u03c5\u03b5\u03bb\u03af\u03c4\u03b9\u03b4\u03b1 \u03c3\u03c4\u03b7\u03bd \u03b5\u03bb\u03bb\u03b1\u03b4\u03b1 \u03c0\u03b1\u03c1\u03b1 \u03c4\u03b1\u03c5\u03c4\u03b1 \u03c4\u03b9 \u03c3\u03b7\u03bc\u03b1\u03b9\u03bd\u03b5\u03b9 2018-07-23T17:18:0000:00 \u03c4\u03b5\u03c3\u03c4 \u03b9\u03c3\u03c4\u03bf\u03c1\u03b9\u03b1\u03c2 \u03c3\u03c4 \u03b4\u03b7\u03bc\u03bf\u03c4\u03b9\u03ba\u03bf\u03c5 \u03b3 \u03b5\u03bd\u03bf\u03c4\u03b7\u03c4\u03b1 \u03b8\u03b5\u03bf\u03c4\u03cc\u03ba\u03bf\u03c5 13 \u03ba\u03b1\u03bc\u03b1\u03c4\u03b5\u03c1\u03cc Professions for women by Virginia Woolf: Feminism and Literary Experience <img decoding=\"async\" src=\"http:\/\/1.bp.blogspot.com\/-wyjtWOLn2zk\/UNPdromwbdI\/AAAAAAAAADU\/35_Ihy6FVhw\/s1600\/2a69umc.png\" alt=\"encontre o radical das palavras\" align=\"center\">.<\/p>\n","protected":false},"excerpt":{"rendered":"<p>encontre o radical das palavras<\/p>\n","protected":false},"author":1,"featured_media":0,"comment_status":"closed","ping_status":"closed","sticky":false,"template":"","format":"standard","meta":{"footnotes":""},"categories":[1],"tags":[],"_links":{"self":[{"href":"http:\/\/geodeta.gorzow.pl\/www\/wp-json\/wp\/v2\/posts\/9761"}],"collection":[{"href":"http:\/\/geodeta.gorzow.pl\/www\/wp-json\/wp\/v2\/posts"}],"about":[{"href":"http:\/\/geodeta.gorzow.pl\/www\/wp-json\/wp\/v2\/types\/post"}],"author":[{"embeddable":true,"href":"http:\/\/geodeta.gorzow.pl\/www\/wp-json\/wp\/v2\/users\/1"}],"replies":[{"embeddable":true,"href":"http:\/\/geodeta.gorzow.pl\/www\/wp-json\/wp\/v2\/comments?post=9761"}],"version-history":[{"count":1,"href":"http:\/\/geodeta.gorzow.pl\/www\/wp-json\/wp\/v2\/posts\/9761\/revisions"}],"predecessor-version":[{"id":9762,"href":"http:\/\/geodeta.gorzow.pl\/www\/wp-json\/wp\/v2\/posts\/9761\/revisions\/9762"}],"wp:attachment":[{"href":"http:\/\/geodeta.gorzow.pl\/www\/wp-json\/wp\/v2\/media?parent=9761"}],"wp:term":[{"taxonomy":"category","embeddable":true,"href":"http:\/\/geodeta.gorzow.pl\/www\/wp-json\/wp\/v2\/categories?post=9761"},{"taxonomy":"post_tag","embeddable":true,"href":"http:\/\/geodeta.gorzow.pl\/www\/wp-json\/wp\/v2\/tags?post=9761"}],"curies":[{"name":"wp","href":"https:\/\/api.w.org\/{rel}","templated":true}]}}