{"id":9791,"date":"2020-07-06T11:56:11","date_gmt":"2020-07-06T11:56:11","guid":{"rendered":"http:\/\/geodeta.gorzow.pl\/www\/?p=9791"},"modified":"2020-06-29T20:54:32","modified_gmt":"2020-06-29T20:54:32","slug":"les-rencontres-cinema-du-sud","status":"publish","type":"post","link":"http:\/\/geodeta.gorzow.pl\/www\/2020\/07\/06\/les-rencontres-cinema-du-sud\/","title":{"rendered":"Les Rencontres Cinema Du Sud"},"content":{"rendered":"<p>D\u00e9di\u00e9e cette ann\u00e9e \u00e0 loffre Mifa Online, elle a \u00e9t\u00e9 compl\u00e8tement repens\u00e9e pour int\u00e9grer les nouveaut\u00e9s, elle permettra ainsi aux accr\u00e9dit\u00e9s Mifa davoir acc\u00e8s \u00e0 tous les outils partout et facilement. Chaque mois Notre Temps vous informe, vous guide, vous accompagne! <img decoding=\"async\" src=\"http:\/\/www.bristol-avignon.com\/wp-content\/uploads\/2018\/02\/2018_VISUEL-1_SITE-INTERNET-1200x480.jpg\" alt=\"les rencontres cinema du sud\" align=\"left\">  <img decoding=\"async\" src=\"http:\/\/www.lesbonsplansdavignon.com\/wp-content\/uploads\/2017\/03\/cinePitchoun_DCP_2017_archive-2000x1080.jpg\" alt=\"les rencontres cinema du sud\" align=\"right\"> Auteurs confidentiels ou confirm\u00e9s disputeront la vedette \u00e0 deux \u0153uvres majeures, latypique La Flor de Mariano Llin\u00e1s, divis\u00e9 en quatre parties pour atteindre la dur\u00e9e de 14h, et le netflixien Roma dAlfonso Cuar\u00f3n en cl\u00f4ture et dans une salle de cin\u00e9ma. LES RENCONTRES CIN\u00c9MATOGRAPHIQUES DARLES DU 24 AU 26 JUILLET 2017 <img decoding=\"async\" src=\"http:\/\/www.vendargues.fr\/sites\/default\/files\/ressources\/serviceJeunesse\/RIjeunes\/diplome_europe_1600x1200.jpg\" alt=\"les rencontres cinema du sud\" align=\"left\"> Un bon banana bread, \u00e7a fait toujours plaisir. Allez hop, on suit pas \u00e0 pas la recette ultra-simple de la cheffe p\u00e2tissi\u00e8re Margaux Baju.  52Une exposition \u00e0 la Cours dAssise de Toulouse pr\u00e9sente Paysages dAlfredo Jarr Chili. Coup de c\u0153urs Madame Jeanne Maison Buon 2jaime World rugby assure que toutes les parties-f\u00e9d\u00e9rations membres, comp\u00e9titions internationales, comp\u00e9titions de clubs professionnels et joueurs internationaux de rugby-seront impliqu\u00e9es pour \u00e9laborer un calendrier ajust\u00e9 pour le reste de lann\u00e9e. La 9 \u00e8me\u00e9dition du festival cin\u00e9matographique professionnel Les rencontres du Sud se d\u00e9roulera du 18 au 23 mars 2019 \u00e0 Avignon, Villeneuve-l\u00e8s-Avignon et Le Pontet. Ouvert \u00e0 tous, il permet de d\u00e9couvrir et de partager la passion du cin\u00e9ma avec les professionnels du cin\u00e9ma. Quels sont les d\u00e9bats programm\u00e9s?Plusieurs d\u00e9bats auront lieu au Grand-Th\u00e9\u00e2tre de Dijon. Lentr\u00e9e est libre dans la limite des places disponibles, pr\u00e9cisent les organisateurs. Votre mot de passe doit comporter au moins 6 caract\u00e8res, sans espace. Nouveau mot de passe You have reached your viewing limit for this book. Depuis plus de 36 ans, ces Rencontres poursuivent le m\u00eame  Un apprentissage dautant plus important car, contrairement \u00e0 beaucoup de ses coll\u00e8gues vid\u00e9astes, lenfance de Clara na pas \u00e9t\u00e9 berc\u00e9e par le cin\u00e9ma. Je suis fille unique, explique-t-elle. Cest la traduction de Je me faisais chier tr\u00e8s vite. Donc je regardais des films, mais en boucle, et surtout pour moccuper. Ce n\u00e9tait pas un rapport de curiosit\u00e9 encore. Je d\u00e9testais m\u00eame les making-of que mon p\u00e8re voulait me faire regarder. Des sorties loisirs qui vous porteront vers les calanques de Marseille et.<\/p>\n","protected":false},"excerpt":{"rendered":"<p>les rencontres cinema du sud<\/p>\n","protected":false},"author":1,"featured_media":0,"comment_status":"closed","ping_status":"closed","sticky":false,"template":"","format":"standard","meta":{"footnotes":""},"categories":[1],"tags":[],"_links":{"self":[{"href":"http:\/\/geodeta.gorzow.pl\/www\/wp-json\/wp\/v2\/posts\/9791"}],"collection":[{"href":"http:\/\/geodeta.gorzow.pl\/www\/wp-json\/wp\/v2\/posts"}],"about":[{"href":"http:\/\/geodeta.gorzow.pl\/www\/wp-json\/wp\/v2\/types\/post"}],"author":[{"embeddable":true,"href":"http:\/\/geodeta.gorzow.pl\/www\/wp-json\/wp\/v2\/users\/1"}],"replies":[{"embeddable":true,"href":"http:\/\/geodeta.gorzow.pl\/www\/wp-json\/wp\/v2\/comments?post=9791"}],"version-history":[{"count":1,"href":"http:\/\/geodeta.gorzow.pl\/www\/wp-json\/wp\/v2\/posts\/9791\/revisions"}],"predecessor-version":[{"id":9792,"href":"http:\/\/geodeta.gorzow.pl\/www\/wp-json\/wp\/v2\/posts\/9791\/revisions\/9792"}],"wp:attachment":[{"href":"http:\/\/geodeta.gorzow.pl\/www\/wp-json\/wp\/v2\/media?parent=9791"}],"wp:term":[{"taxonomy":"category","embeddable":true,"href":"http:\/\/geodeta.gorzow.pl\/www\/wp-json\/wp\/v2\/categories?post=9791"},{"taxonomy":"post_tag","embeddable":true,"href":"http:\/\/geodeta.gorzow.pl\/www\/wp-json\/wp\/v2\/tags?post=9791"}],"curies":[{"name":"wp","href":"https:\/\/api.w.org\/{rel}","templated":true}]}}