{"id":9855,"date":"2020-07-06T22:11:09","date_gmt":"2020-07-06T22:11:09","guid":{"rendered":"http:\/\/geodeta.gorzow.pl\/www\/?p=9855"},"modified":"2020-06-30T07:22:40","modified_gmt":"2020-06-30T07:22:40","slug":"rencontres-de-la-rotonde","status":"publish","type":"post","link":"http:\/\/geodeta.gorzow.pl\/www\/2020\/07\/06\/rencontres-de-la-rotonde\/","title":{"rendered":"Rencontres De La Rotonde"},"content":{"rendered":"<p>R\u00e9union des participants avec les coordinateurs : tour de table pour une pr\u00e9sentation des domaines de recherche des participants et de leurs projets pour les contributions \u00e9crites. H\u00f4tel Imperator-15 Rue Gaston Boissier, Quai de la Fontaine, 30900 N\u00eemes-Tel: 0 4 66 21 90 30-http:www.hotel-imperator.com Bruxelles ma belle. Et que par Manneken-Pis, Bruxelles demeure! Avec la participation de : H\u00e9l\u00e8ne Emery, Charg\u00e9e des relations avec les publics au th\u00e9\u00e2tre Le Passage de F\u00e9camp, Astrid Vaillant-Lheureux, psychologue, b\u00e9n\u00e9vole, ACOMAD G\u00e9rard-Georges Lemaire, Caf\u00e9s dautrefois, Paris, Plume, 2000, 176 p., p. 62 : \u00c0 lorigine, La Rotonde est un discret bistroquet douvriers. Victor Libion lach\u00e8te en 1911 et lagrandit.. Avec ce petit livre publi\u00e9 en 1999, Haruo Yamashita, auteur jeunesse de r\u00e9f\u00e9rence au Japon, et lillustrateur Kazuo Iwamura donneraient aux habitu\u00e9s de l\u00e9cole buissonni\u00e8re des envies dassiduit\u00e9. A d\u00e9faut de pouvoir aller lacheter en librairie, vous pouvez le commander ou en profiter sur Internet. LEcole des loisirs, \u00e9diteur de livres pour enfants depuis 1965, a offert \u00e0 loccasion de ce confinement une version audio, avec les belles illustrations de Kazuo Iwamura, de cette histoire morale et po\u00e9tique \u00e0 la fois. Id\u00e9al pour les enfants de 3 \u00e0 6 ans! Roxana Maracineanu, ministre des Sports, a d\u00e9but\u00e9 fin d\u00e9cembre un cycle de rencontres avec des usagers des politiques publiques sportives Le matin avant daller au travail ou encore apr\u00e8s une bonne s\u00e9ance de shopping entre copines vous avez la possibilit\u00e9 de faire du sport en illimit\u00e9 et en toute libert\u00e9 7 jours7, 365 jours par an, de 6h \u00e0 23h en semaine et de 7h \u00e0 22h le week-end!  <img decoding=\"async\" src=\"http:\/\/www.lecercledelarotonde.be\/wp-content\/uploads\/2012\/09\/cropped-rotonde-005.jpg\" alt=\"rencontres de la rotonde\" align=\"right\"> Les articles les plus lus des 30 derniers jours, toutes rubriques confondues: Retrouvez toutes les conf\u00e9rences des Rencontres Pr\u00e9vention Sant\u00e9 et inscrivez-vous directement en ligne! La couverture, baptis\u00e9e After the shift Apr\u00e8s le service, a \u00e9t\u00e9 confi\u00e9e \u00e0 Owen Smith, qui en a d\u00e9j\u00e0 sign\u00e9 une vingtaine pour le magazine new-yorkais. Il a \u00e9galement travaill\u00e9 pour des titres prestigieux comme Rolling Stone, Time ou le New York Times. Il a peint \u00e0 lhuile un soignant apr\u00e8s son service, attendant le train de banlieue pour rentrer chez lui. Le langage corporel est ici tr\u00e8s clair : il est vid\u00e9! Lillustrateur sest inspir\u00e9 de lart en vogue pendant la lui, cherchait \u00e0 nous rappeler quil y a de magazine. Alors quil travaille actuellement sur lillustration du grand roman de John Steinbeck, Les Raisins de la col\u00e8re, il souligne les points commun entre les deux p\u00e9riodes historiques : Cest une histoire de discrimination de classe et une histoire de survie. Cela vous semble familier? Je cherche une compagne pour continuer le chemin ensemble en toute harmonie et complicit\u00e9, dans une vie simple et saine pr\u00e8s de la nature.   Notre saison 2013-2014 a d\u00e9but\u00e9 en septembre sous l\u00e9gide de lassociation Et Demain, comme en 2012. Venez participer au march\u00e9 gourmand de Montagnac-sur-Auvignon avec les producteurs locaux. <img decoding=\"async\" src=\"http:\/\/www.resonatedesigns.net\/wp-content\/uploads\/2017\/07\/5578899.png\" alt=\"rencontres de la rotonde\" align=\"center\"> Au gr\u00e9 de ses rencontres avec les producteurs locaux, Virginie Basselot, Chef ex\u00e9cutif du Negresco, a s\u00e9lectionn\u00e9 des produits ni\u00e7ois de la terre et de la mer. Elle vous invite \u00e0 les d\u00e9couvrir \u00e0 La Rotonde. Samedi 02 D\u00e9cembre 2017-Dimanche 03 D\u00e9cembre 2017 je nai pas le droit de mexprimer sur ce fait divers, semble-t-il.. On pr\u00e9f\u00e8re les d\u00e9gueulis de la grr.. <img decoding=\"async\" src=\"http:\/\/static.wixstatic.com\/media\/37faeb_dd822e36a480413c9a6d128edaa6162a~mv2.png\" alt=\"rencontres de la rotonde\" align=\"right\">.<\/p>\n","protected":false},"excerpt":{"rendered":"<p>rencontres de la rotonde<\/p>\n","protected":false},"author":1,"featured_media":0,"comment_status":"closed","ping_status":"closed","sticky":false,"template":"","format":"standard","meta":{"footnotes":""},"categories":[1],"tags":[],"_links":{"self":[{"href":"http:\/\/geodeta.gorzow.pl\/www\/wp-json\/wp\/v2\/posts\/9855"}],"collection":[{"href":"http:\/\/geodeta.gorzow.pl\/www\/wp-json\/wp\/v2\/posts"}],"about":[{"href":"http:\/\/geodeta.gorzow.pl\/www\/wp-json\/wp\/v2\/types\/post"}],"author":[{"embeddable":true,"href":"http:\/\/geodeta.gorzow.pl\/www\/wp-json\/wp\/v2\/users\/1"}],"replies":[{"embeddable":true,"href":"http:\/\/geodeta.gorzow.pl\/www\/wp-json\/wp\/v2\/comments?post=9855"}],"version-history":[{"count":1,"href":"http:\/\/geodeta.gorzow.pl\/www\/wp-json\/wp\/v2\/posts\/9855\/revisions"}],"predecessor-version":[{"id":9856,"href":"http:\/\/geodeta.gorzow.pl\/www\/wp-json\/wp\/v2\/posts\/9855\/revisions\/9856"}],"wp:attachment":[{"href":"http:\/\/geodeta.gorzow.pl\/www\/wp-json\/wp\/v2\/media?parent=9855"}],"wp:term":[{"taxonomy":"category","embeddable":true,"href":"http:\/\/geodeta.gorzow.pl\/www\/wp-json\/wp\/v2\/categories?post=9855"},{"taxonomy":"post_tag","embeddable":true,"href":"http:\/\/geodeta.gorzow.pl\/www\/wp-json\/wp\/v2\/tags?post=9855"}],"curies":[{"name":"wp","href":"https:\/\/api.w.org\/{rel}","templated":true}]}}