{"id":9873,"date":"2020-07-06T15:57:44","date_gmt":"2020-07-06T15:57:44","guid":{"rendered":"http:\/\/geodeta.gorzow.pl\/www\/?p=9873"},"modified":"2020-06-30T12:13:24","modified_gmt":"2020-06-30T12:13:24","slug":"kamal-premiere-rencontre","status":"publish","type":"post","link":"http:\/\/geodeta.gorzow.pl\/www\/2020\/07\/06\/kamal-premiere-rencontre\/","title":{"rendered":"Kamal Premiere Rencontre"},"content":{"rendered":"<p><img decoding=\"async\" src=\"http:\/\/ines-max.com\/wp-content\/uploads\/2018\/06\/234601_177-1-300x199.jpg\" alt=\"kamal premiere rencontre\" align=\"center\"> Kamal-Sens,Yonne : Soutien scolaire et cours particuliers cours de Aide aux devoirs Lecture M\u00e9thodologie \u00e0 Sens 89100 AMMOUN Denise, Histoire du Liban contemporain, Tome II, 1943-1990, Fayard, Paris, 2004. Kamal a 20 ans. Il aime sa jeune \u00e9pouse, Loleh, mais narrive pas \u00e0 faire lamour avec elle. Les jeunes mari\u00e9s sont toujours vierges, et Kamal est devenu la ris\u00e9e du village. D\u00e9sireux de se soigner, ce dernier consulte un m\u00e9decin qui ne d\u00e9tecte chez lui aucune anomalie physique. Le praticien lui conseille de faire son apprentissage avec une femme m\u00fbre avant de revenir vers Loleh. Surtout, il nous a confi\u00e9 son r\u00eave de produire un film sur le Sahara Marocain, afin de d\u00e9montrer au monde entier que cest incontestablement un territoire Marocain. Jattends toujours un bon sc\u00e9nario pour aborder cette question en bonne et due forme dit-il. Jesp\u00e8re pouvoir offrir la r\u00e9alit\u00e9 aux personnes qui lignorent quant \u00e0 ce sujet et r\u00e9parer une immense injustice. Cest le reproche, justifi\u00e9, que fait Sal\u00e2h Sh\u00e2d\u00ee \u00e0 plusieurs officiers et notamment S\u00e2d\u00e2t. Il cite ce dernier Cf. Sh\u00e2d\u00ee Sal\u00e2h, op Cit, p. 174 et suivantes. Parfait! Professeur comp\u00e9tent, tr\u00e8s a l\u00e9coute pour aider au mieux la personne qui le sollicite. Nous contacter : redactionarobasehistoire-pour-tous.fr Comme son alter ego Chawki Amari, \u00e9crivain de talent chroniqueur \u00e0 El Watan, ou Dilem, le caricaturiste habit\u00e9 de Libert\u00e9, Kamel Daoud incarne l\u00e9pop\u00e9e de la presse alg\u00e9rienne insoumise. Pour sortir de lid\u00e9ologiquement correct, il d\u00e9chire, en 2013, en pleine campagne de bombardement isra\u00e9lien sur Gaza, un pan de son contrat avec son public en signant une chronique Je ne suis pas solidaire de Gaza. Il y explique quil ne veut pas \u00eatre solidaire par convergence gr\u00e9gaire, ethnique ou religieuse mais pour des raisons humanistes universelles qui le rendraient aussi solidaire des Tib\u00e9tains. Cela ne passe pas. Des libert\u00e9s avec la colonisation L\u00e2influence qu\u00e2a pu avoir Fantin-Latour sur Kam\u00c3l-ol-Molk, qui aurait fr\u00c3quent\u00c3 son atelier, semble importante mais reste difficile \u00c3 mesurer. De m\u00c3\u00aame que Kam\u00c3l-ol-Molk, Fantin-Latour a \u00c3t\u00c3 contemporain des impressionnistes. Le peintre fran\u00c3ais a m\u00c3\u00aame \u00c3t\u00c3 leur ami. Il a peint les portraits de Manet, Monet, Renoir, Zola, Whistler\u00e2, et a partag\u00c3 leurs luttes. Pourtant, de m\u00c3\u00aame que Kam\u00c3l-ol-Molk, il n\u00e2a pas \u00c3t\u00c3 un impressionniste lui-m\u00c3\u00aame, mais bien plut\u00c3t le continuateur discret de Delacroix. Affiche pour la sortie du film Kam\u00c3l-ol-Molk par \u00e2Ali Hatami, Graphiste : Mortez\u00c3 Momayez, 1984. Les filles du MHSC,toujours 4\u00e8mes, doivent simposer face \u00e0 Soyaux demain, si ellesveulent rester dans la course. \u00c7a sappelle lacte pr\u00e9paratoire. Car qui dit sms apr\u00e8s premier rendez-vous, dit quelle devra vous r\u00e9pondre du moins \u00e7a va envoyer cette information l\u00e0 \u00e0 son cerveau et ainsi vous obtiendrez une r\u00e9ponse. Envoyer un message apr\u00e8s un premier rendez-vous : Quand lui \u00e9crire? Le nombre de cas confirm\u00e9s \u00e0 la Covid-19 par scanner a connu depuis quelques jours une l\u00e9g\u00e8re flamb\u00e9e en Alg\u00e9rie, affirme le Pr Mourad Benallegue, chef de service.. Le: 10 Juin 2020-<img decoding=\"async\" src=\"http:\/\/www.marokino.info\/image.php?idimg=http:\/\/i.le360.ma\/fr\/sites\/default\/files\/styles\/asset_image_la_une_on_home_page\/public\/assets\/images\/2018\/09\/hicham.jpeg\" alt=\"kamal premiere rencontre\" align=\"center\"> Qui est ce que tu vois aujourdhui \u00e0 part toi pour repr\u00e9senter la musique du Londres underground? Stefan de Quelen devient directeur g\u00e9n\u00e9ral de Primonial Partenaires, la structure d\u00e9di\u00e9e aux CGPI. Dipl\u00f4m\u00e9 de lInseec.. 5-7 rue de lEcole Polytechnique 75005 Paris France Votre adresse email sera uniquement utilis\u00e9e par la soci\u00e9t\u00e9 M6 Web pour vous adresser votre newsletter. Rassure toi tu nes pas seul Mais cest vrai que ma p\u00e9riode de ch\u00f4mage a pas mal aid\u00e9 \u00e0 l\u00e9poque 4. Lui poser des questions pour savoir ce quelle pense de vous Chaque semaine, un contrepoint historique de lactualit\u00e9, anniversaires, r\u00e9cits, devinettes : Kamal Khan est n\u00e9 \u00e0 Marseille, en France, entre 1936 et 1937. Il est le fils dun riche marchand indien et dune m\u00e8re fran\u00e7aise et est connu pour \u00eatre un gar\u00e7on particuli\u00e8rement insatisfait. Lorsquil avait 9 ans, Kamal a commis son premier d\u00e9lit et est tr\u00e8s vite devenu un criminel. \u00c0 12 ans, il a con\u00e7u un plan pour d\u00e9rober des objets de valeur dans un bateau de croisi\u00e8re, une op\u00e9ration quil a accompli avec succ\u00e8s. Lann\u00e9e suivante, son p\u00e8re cr\u00e9e une soci\u00e9t\u00e9 commerciale \u00e0 Calcutta, en Inde, et Khan, sous pr\u00e9texte de venir en aide \u00e0 son p\u00e8re dans ses affaires, profite de cette occasion pour commettre un d\u00e9lit plus important : utiliser lentreprise comme front pour un r\u00e9seau de contrebande dans loc\u00e9an Indien et lAsie du Sud. Son p\u00e8re a alors \u00e9t\u00e9 accus\u00e9 de tout cela et avait affront\u00e9 son fils avant d\u00eatre assassin\u00e9 avec son partenaire daffaires.  Kamal Khan est lun des rares adversaires de James Bond \u00e0 ne pas \u00eatre m\u00e9galomane et \u00e0 ne pas chercher \u00e0 dominer le monde. En effet, ce nest pas la soif du pouvoir qui le pousse \u00e0 agir, mais la cupidit\u00e9. <img decoding=\"async\" src=\"http:\/\/www.nileinternational.net\/fr\/wp-content\/uploads\/2017\/06\/macron-au-maroc-pour-une-premiere-rencontre-avec-le-roi-mohammed-vi-620x287.jpg\" alt=\"kamal premiere rencontre\" align=\"right\">  Mais l\u00e0 attention: si tu as peur de tengager, si cest juste pour la mettre dans ton lit, oublie et continue de draguer Personnellement, je trouve lOdieux r\u00e9guli\u00e8rement tr\u00e8s f\u00e9ministe dans ses propos. Cest la b\u00eatise humaine quil ex\u00e8cre et tourne en ridicule et dieu sait que certaines f\u00e9ministes h\u00e9las pour la cause nen manquent pas! .<\/p>\n","protected":false},"excerpt":{"rendered":"<p>kamal premiere rencontre<\/p>\n","protected":false},"author":1,"featured_media":0,"comment_status":"closed","ping_status":"closed","sticky":false,"template":"","format":"standard","meta":{"footnotes":""},"categories":[1],"tags":[],"_links":{"self":[{"href":"http:\/\/geodeta.gorzow.pl\/www\/wp-json\/wp\/v2\/posts\/9873"}],"collection":[{"href":"http:\/\/geodeta.gorzow.pl\/www\/wp-json\/wp\/v2\/posts"}],"about":[{"href":"http:\/\/geodeta.gorzow.pl\/www\/wp-json\/wp\/v2\/types\/post"}],"author":[{"embeddable":true,"href":"http:\/\/geodeta.gorzow.pl\/www\/wp-json\/wp\/v2\/users\/1"}],"replies":[{"embeddable":true,"href":"http:\/\/geodeta.gorzow.pl\/www\/wp-json\/wp\/v2\/comments?post=9873"}],"version-history":[{"count":1,"href":"http:\/\/geodeta.gorzow.pl\/www\/wp-json\/wp\/v2\/posts\/9873\/revisions"}],"predecessor-version":[{"id":9874,"href":"http:\/\/geodeta.gorzow.pl\/www\/wp-json\/wp\/v2\/posts\/9873\/revisions\/9874"}],"wp:attachment":[{"href":"http:\/\/geodeta.gorzow.pl\/www\/wp-json\/wp\/v2\/media?parent=9873"}],"wp:term":[{"taxonomy":"category","embeddable":true,"href":"http:\/\/geodeta.gorzow.pl\/www\/wp-json\/wp\/v2\/categories?post=9873"},{"taxonomy":"post_tag","embeddable":true,"href":"http:\/\/geodeta.gorzow.pl\/www\/wp-json\/wp\/v2\/tags?post=9873"}],"curies":[{"name":"wp","href":"https:\/\/api.w.org\/{rel}","templated":true}]}}