{"id":9897,"date":"2020-07-06T21:05:27","date_gmt":"2020-07-06T21:05:27","guid":{"rendered":"http:\/\/geodeta.gorzow.pl\/www\/?p=9897"},"modified":"2020-06-30T15:17:45","modified_gmt":"2020-06-30T15:17:45","slug":"rencontre-riga","status":"publish","type":"post","link":"http:\/\/geodeta.gorzow.pl\/www\/2020\/07\/06\/rencontre-riga\/","title":{"rendered":"Rencontre Riga"},"content":{"rendered":"<p>ERASMUS est une marque d\u00e9pos\u00e9e appartenant \u00e0 lUnion Europ\u00e9enne et repr\u00e9sent\u00e9e par la Commission Europ\u00e9enne. Vous pouvez utiliser ces balises et attributs HTML : a href title abbr title acronym title b blockquote cite cite code del datetime em i q cite strike strong   Ce nest pas ici, \u00e0 Riga, que nous allons n\u00e9gocier la question de la Gr\u00e8ce mais cest vrai que \u00e7a nous permet de pr\u00e9parer l\u00e9ch\u00e9ance qui est attendue, notamment la r\u00e9union de leurogroupe \u00e0 la fin du mois ou au tout d\u00e9but du mois de juin, avait expliqu\u00e9 le pr\u00e9sident fran\u00e7ais devant les journalistes. Ce nest pas ici, \u00e0 Riga, que nous allons n\u00e9gocier la question de la mais cest vrai que \u00e7a nous permet de pr\u00e9parer l\u00e9ch\u00e9ance qui est attendue, notamment la r\u00e9union de leurogroupe \u00e0 la fin du mois ou au tout d\u00e9but du mois de juin, avait expliqu\u00e9 le pr\u00e9sident fran\u00e7ais devant les journalistes. <img decoding=\"async\" src=\"http:\/\/diocesedenamur.be\/files\/actua\/2123\/logo\/2012_11_04TaizeCathBxl.jpg\" alt=\"rencontre riga\" align=\"left\"> Nous partirons le 27 en fin de matin\u00e9e, et reviendrons dans la nuit du dimanche au lundi 2 janvier. Il reste quelques places! La Lettonie est toujours en voie de reconstruction. Le co\u00fbt de la vie y est abordable pour les \u00e9tudiants \u00e9trangers. Lhistoire fait toujours partie int\u00e9grante de la ville, remplie de monuments et statues rappelant les conflits et victoire quelle a travers\u00e9, dont le plus connu est le Freedom Monument, repr\u00e9sentant une femme tenant trois \u00e9toiles signifiant lalliance des trois pays baltiques. RCF, Radio Chr\u00e9tienne Francophone, un r\u00e9seau de 64 radios locales Installation \u00e0 lh\u00f4tel 4 en centre-ville, pour 2 nuits cons\u00e9cutives. Dans ces instants de grandes tristesses nos pens\u00e9es vous accompagnent, nos plus sinc\u00e8res condol\u00e9ances. Amiti\u00e9 Barbara et famille. <img decoding=\"async\" src=\"http:\/\/www.cathobel.be\/wp-content\/uploads\/2016\/01\/Taize_Valencia-c-jeunescathos.org_.jpg\" alt=\"rencontre riga\" align=\"right\"> A la mairie dUrrugne, \u00e0 14 heures, rendez-vous avec In\u00e9s\u00e9 KORNETE, <img decoding=\"async\" src=\"http:\/\/address.ursusmaximusmedia.com\/fpdb\/Image\/Alu_-_pvc\/CU_FOM_type_ARGO_RM_35__ref_8477_etaux.jpg\" alt=\"rencontre riga\" align=\"right\">-Un Service Client disponible 7j7, avant, pendant et apr\u00e8s votre voyage. Voici le dernier des 230 reportages que nous avons r\u00e9alis\u00e9s dans le cadre de la chronique jardin de Luc No\u00ebl RTBF-Au Quotidien Bochum poursuit sa remont\u00e9e au classement en battant Sankt-Pauli 2-0. Rempla\u00e7ant, Sylver Ganvoula est entr\u00e9 \u00e0 la 66 e, alors que son \u00e9quipe menait 1-0. Engag\u00e9 dans la lutte pour le maintien avant linterruption du championnat, Bochum vient dencha\u00eener un cinqui\u00e8me match sans d\u00e9faite 3 victoires et 2 nuls et est d\u00e9sormais 6 e \u00e0 dix points du podium. Des services assum\u00e9s par des guides professionnels.  Nombre de mises \u00e0 jour sur les 15 derniers jours : 17 NE RATE AUCUNE ACTU DES JEUNES CATHOS! Je re\u00e7ois la newsletter Dans le cadre de lenseignement de sp\u00e9cialit\u00e9 de physique-chimie, les \u00e9l\u00e8ves de Terminales scientifiques suivant..<\/p>\n","protected":false},"excerpt":{"rendered":"<p>rencontre riga<\/p>\n","protected":false},"author":1,"featured_media":0,"comment_status":"closed","ping_status":"closed","sticky":false,"template":"","format":"standard","meta":{"footnotes":""},"categories":[1],"tags":[],"_links":{"self":[{"href":"http:\/\/geodeta.gorzow.pl\/www\/wp-json\/wp\/v2\/posts\/9897"}],"collection":[{"href":"http:\/\/geodeta.gorzow.pl\/www\/wp-json\/wp\/v2\/posts"}],"about":[{"href":"http:\/\/geodeta.gorzow.pl\/www\/wp-json\/wp\/v2\/types\/post"}],"author":[{"embeddable":true,"href":"http:\/\/geodeta.gorzow.pl\/www\/wp-json\/wp\/v2\/users\/1"}],"replies":[{"embeddable":true,"href":"http:\/\/geodeta.gorzow.pl\/www\/wp-json\/wp\/v2\/comments?post=9897"}],"version-history":[{"count":1,"href":"http:\/\/geodeta.gorzow.pl\/www\/wp-json\/wp\/v2\/posts\/9897\/revisions"}],"predecessor-version":[{"id":9898,"href":"http:\/\/geodeta.gorzow.pl\/www\/wp-json\/wp\/v2\/posts\/9897\/revisions\/9898"}],"wp:attachment":[{"href":"http:\/\/geodeta.gorzow.pl\/www\/wp-json\/wp\/v2\/media?parent=9897"}],"wp:term":[{"taxonomy":"category","embeddable":true,"href":"http:\/\/geodeta.gorzow.pl\/www\/wp-json\/wp\/v2\/categories?post=9897"},{"taxonomy":"post_tag","embeddable":true,"href":"http:\/\/geodeta.gorzow.pl\/www\/wp-json\/wp\/v2\/tags?post=9897"}],"curies":[{"name":"wp","href":"https:\/\/api.w.org\/{rel}","templated":true}]}}