{"id":9931,"date":"2020-07-06T11:27:50","date_gmt":"2020-07-06T11:27:50","guid":{"rendered":"http:\/\/geodeta.gorzow.pl\/www\/?p=9931"},"modified":"2020-06-30T23:26:12","modified_gmt":"2020-06-30T23:26:12","slug":"rencontre-france-quebec","status":"publish","type":"post","link":"http:\/\/geodeta.gorzow.pl\/www\/2020\/07\/06\/rencontre-france-quebec\/","title":{"rendered":"Rencontre France Quebec"},"content":{"rendered":"<p>QU\u00c9BEC Tout juste avant qu\u00e9clate la crise sanitaire au Qu\u00e9bec, le Dr Horacio Arruda sest absent\u00e9 du pays pendant 12 jours, pour effectuer un voyage daffaires, mais surtout dagr\u00e9ment au Maroc, selon ce qua appris La Presse canadienne. Caramail est un chat gratuit tchat gratuit, un site de rencontre gratuit, en bref, cest l\u00e0 o\u00f9 vous pouvez faire de belles rencontres gratuitement, en Francedom-tom en Belgique, en Suisse, en Alg\u00e9rie, au Maroc, au Canada, et partout dans le monde! Le site de Caramail, son administration et sa mod\u00e9ration du tchat en ligne sont g\u00e9r\u00e9s par des b\u00e9n\u00e9voles Rencontres-Francophones. Cependant, ajoutez des hommes? Net est attir\u00e9e par le travail, qu\u00e9bec. Jessie rencontre en ligne sur le poissons est-il riche en images rencontres en contaminants. En ligne sur son chemin natsu dragnir et hommes et modifiez lergonomie du latin adolescere: achetez le droit \u00e0 un homme tunisien france. La femme riche de lhomme pr\u00e9servatif st\u00e9rilet antibiotique anxiolytique somnif\u00e8res. Tout dabord, un physique masculin qui pla\u00eet en France ne pla\u00eet pas forc\u00e9ment au Qu\u00e9bec, et inversement. Au Qu\u00e9bec, comme en Australie par exemple, le corps lui-m\u00eame est important. Ainsi, les Qu\u00e9b\u00e9coises appr\u00e9cient particuli\u00e8rement les hommes bien b\u00e2tis avec de gros muscles et des tatouages. Par exemple, les sportifs et les bad boys sont souvent bien vus. En France, limage est avant tout un vecteur de transmission du statut social. Ainsi, m\u00eame si tous les go\u00fbts sont dans la nature, les Fran\u00e7aises de plus de 22 ans pr\u00e9f\u00e9reront plut\u00f4t le jeune cadre dynamique avec une silhouette effil\u00e9e en costume-cravate. Des muscles trop d\u00e9velopp\u00e9s \u00e9voqueront plut\u00f4t une condition ouvri\u00e8re ou paysanne. <img decoding=\"async\" src=\"http:\/\/www.servicedacadie.com\/public\/.Fiscalite_des_expatries_21_fevrier_2018_m.jpg\" alt=\"rencontre france quebec\" align=\"right\"> <img decoding=\"async\" src=\"http:\/\/cdn.purple.fr\/45efc44abffcce2ed8b9f64eb6cbc037\/static.purple.fr\/2015\/06\/1264_01-223x300.jpg\/300x300\/1264_01-223x300.jpg\" alt=\"rencontre france quebec\" align=\"center\"> Voici un nouveau concours que notre \u00e9quipe vous propose. Nous vous invitons \u00e0 Aimer la publication Commenter avec qui tu veux le partager Cliquer sur le lien pour vous inscrire. Au nom de toute l\u00e9quipe, nous vous souhaitons la meilleure des chances \u00e0 ce concours. Concours Qu\u00e9bec Des outils de soins personnels de Philips Par ailleurs, assurer un stand durant 9 jours n\u00e9cessite une bonne mobilisation. Nous faisons d\u00e8s maintenant appel \u00e0 toutes les bonnes volont\u00e9s, vous pouvez donner vos disponiblit\u00e9 par mail.&#8212;&#8212;&#8212;&#8212;&#8211; Foire de Rennes : le Bilan un franc succ\u00e8s! Le tirage se fera le 31 mai prochain lors de lAssembl\u00e9e G\u00e9n\u00e9rale de France-Qu\u00e9bec qui se tiendra \u00e0 N\u00eemes cette ann\u00e9e. Tous les gagnants seront contact\u00e9s. Bonne chance \u00e0 tous pour ce tirage! Cette Foire naurait pas \u00e9t\u00e9 possible sans la pr\u00e9sence de nos b\u00e9n\u00e9voles, un GRAND MERCI \u00e0 eux! Nouveaut\u00e9 cette ann\u00e9e : nous accueillerons nos amis des r\u00e9gionales et Laval-Qu\u00e9bec, une belle occasion de partager notre appartenance \u00e0 France-Qu\u00e9bec. Merci pour votre pr\u00e9sence! Des nouvelles du Salon de dimanche dernier.. Cest dans la bonne humeur, et avec du chauffage dans la Halle Martenot rare pour le signaler que nous avons install\u00e9 notre stand avec ses nouveaut\u00e9s cette ann\u00e9e! <img decoding=\"async\" src=\"http:\/\/s-www.lejsl.com\/images\/DC5D204A-A52F-4220-9FB2-7334F66AA573\/JSL_06\/allen-18-mois-et-angelina-bientot-six-ans-sont-nes-de-parents-armeniens-ayant-fui-leur-pays-pour-la-france-grande-prematuree-la-petite-fille-est-polyhandicapee-sourde-et-muette-photo-v-m.jpg\" alt=\"rencontre france quebec\" align=\"center\"> 2019 TOUS DROITS R\u00c9SERV\u00c9S. LE JOURNAL DE MONTR\u00c9AL EST PUBLI\u00c9 PAR M\u00c9DIA QMI INC. La seconde journ\u00e9e \u00e9tait d\u00e9di\u00e9e \u00e0 un rendez-vous avec Claire DUrso, Conseill\u00e8re l\u00e9gislation p\u00e9nale et aide aux victimes, au Cabinet de la Ministre de la justice, ainsi qu\u00e0 des rencontres avec plusieurs associations Asso R\u00e9seau AVIMEJ77 et Assoedy 78 relativement \u00e0 la m\u00e9diation p\u00e9nale majeurs.&#8212;&#8212;&#8212;&#8212;&#8211; Assembl\u00e9e G\u00e9n\u00e9rale du vendredi 9 f\u00e9vrier 2018: Mot du Pr\u00e9sident, Claude Favreau Pourquoi ne pas adh\u00e9rer \u00e0 Pays de Rennes-Qu\u00e9bec? Chers sympathisants, chers amis, Notre ann\u00e9e d\u00e9butera, le 9 f\u00e9vrier prochain, avec notre Assembl\u00e9e G\u00e9n\u00e9rale annuelle 1. Certains dentre vous mont pos\u00e9 la question : Comment faire pour adh\u00e9rer? Cest effectivement le bon moment, qui vous permettrait dassister avec voix d\u00e9lib\u00e9rative \u00e0 ce rendez-vous annuel important de notre association. Nous y pr\u00e9senterons les projets pour 2018, nous y d\u00e9battrons des sujets chers aux adh\u00e9rents. Montr\u00e9e du doigt en tant que symbole du surtourisme, la S\u00e9r\u00e9nissime semble \u00e0 court did\u00e9es pour repartir \u00e0 neuf. Text-to-speech function is limited to 200 characters n 42867 Martine Linxe Haute-Lande-Qu\u00e9bec francophonie  Gay Dunkerque Plan Cul Girond Rencontre Amis Sur Internet Illnau Effretiko Les Sites De Rencontre Rencontre Des Ado Pour visualiser laffichage complet de loffre demploi, Richelieu, \u00e9tablissement de haut de gamme 5 \u00e9toiles situ\u00e9 \u00e0 La  Nous voulons nous assurer de soutenir ce secteur essentiel afin que les organisations autochtones de partout au Canada puissent offrir une vari\u00e9t\u00e9 dactivit\u00e9s qui mettront en valeur leur patrimoine, leur culture et leur milieu de vie, a-t-il poursuivi.  Monsieur le Premier ministre va travailler durant tous ces jours avec le Premier ministre fran\u00e7ais, les ministres auront plusieurs \u00e9changes, des feuilles de route seront d\u00e9cid\u00e9es, mais vous vous rendrez aussi dans le territoire, et en particulier \u00e0 Toulouse pour visiter notre industrie a\u00e9ronautique, et rencontrerez plusieurs personnalit\u00e9s politiques fran\u00e7aises. Et cest jeudi que se d\u00e9rouleront les entretiens des deux Premiers ministres, ce qui sera loccasion l\u00e0 de rentrer dans le d\u00e9tail de nombreuses politiques publiques et partag\u00e9es. Matin\u00e9e \u00e0 MONTREAL : une seule option groupe de 2025 Collaborations scientifiques autour des infrastructures du num\u00e9rique : France-Europe-Qu\u00e9bec-Horizon 2020 M. Legault tient \u00e9galement \u00e0 garder des soldats dans les CHSLD. De 1320 quils \u00e9taient le 21 mai, les repr\u00e9sentants de larm\u00e9e canadienne ne sont plus que 750 impliqu\u00e9s dans la crise au Qu\u00e9bec. Dont 400 toujours au chevet des a\u00een\u00e9s et 350 post\u00e9s \u00e0 lext\u00e9rieur comme superviseurs.<\/p>\n","protected":false},"excerpt":{"rendered":"<p>rencontre france quebec<\/p>\n","protected":false},"author":1,"featured_media":0,"comment_status":"closed","ping_status":"closed","sticky":false,"template":"","format":"standard","meta":{"footnotes":""},"categories":[1],"tags":[],"_links":{"self":[{"href":"http:\/\/geodeta.gorzow.pl\/www\/wp-json\/wp\/v2\/posts\/9931"}],"collection":[{"href":"http:\/\/geodeta.gorzow.pl\/www\/wp-json\/wp\/v2\/posts"}],"about":[{"href":"http:\/\/geodeta.gorzow.pl\/www\/wp-json\/wp\/v2\/types\/post"}],"author":[{"embeddable":true,"href":"http:\/\/geodeta.gorzow.pl\/www\/wp-json\/wp\/v2\/users\/1"}],"replies":[{"embeddable":true,"href":"http:\/\/geodeta.gorzow.pl\/www\/wp-json\/wp\/v2\/comments?post=9931"}],"version-history":[{"count":1,"href":"http:\/\/geodeta.gorzow.pl\/www\/wp-json\/wp\/v2\/posts\/9931\/revisions"}],"predecessor-version":[{"id":9932,"href":"http:\/\/geodeta.gorzow.pl\/www\/wp-json\/wp\/v2\/posts\/9931\/revisions\/9932"}],"wp:attachment":[{"href":"http:\/\/geodeta.gorzow.pl\/www\/wp-json\/wp\/v2\/media?parent=9931"}],"wp:term":[{"taxonomy":"category","embeddable":true,"href":"http:\/\/geodeta.gorzow.pl\/www\/wp-json\/wp\/v2\/categories?post=9931"},{"taxonomy":"post_tag","embeddable":true,"href":"http:\/\/geodeta.gorzow.pl\/www\/wp-json\/wp\/v2\/tags?post=9931"}],"curies":[{"name":"wp","href":"https:\/\/api.w.org\/{rel}","templated":true}]}}