{"id":9947,"date":"2020-07-06T18:51:37","date_gmt":"2020-07-06T18:51:37","guid":{"rendered":"http:\/\/geodeta.gorzow.pl\/www\/?p=9947"},"modified":"2020-07-01T00:37:11","modified_gmt":"2020-07-01T00:37:11","slug":"jerome-daran-premiere-rencontre","status":"publish","type":"post","link":"http:\/\/geodeta.gorzow.pl\/www\/2020\/07\/06\/jerome-daran-premiere-rencontre\/","title":{"rendered":"Jerome Daran Premiere Rencontre"},"content":{"rendered":"<p>Herbes et aromates : Poivre, piment, carambole et g\u00e9n\u00e9ralement les herbes et aromates qui piquent ou qui poss\u00e8de un parfum inhabituel. Informations sur l\u00e9dition 2021 \u00e0 venir.. L\u00e9dition 2020 21e \u00e9dition de la F\u00eate du livre jeunesse.. <img decoding=\"async\" src=\"http:\/\/tribulons.fr\/wp-content\/uploads\/2014\/10\/ceremonie-victoires-de-la-beaute-2014-2015-produits-primes-follies-bergeres-palmares-jerome-daran-beauty-bag-sandrine-quettier-sananas-djulicious-soiree-reporter-compte-ren-9.jpg\" alt=\"jerome daran premiere rencontre\" align=\"left\"> Pffffiouu Je ne connais pas vos rapports avec la C\u00f4te dIvoire, mais ils ont deux gouvernements, vous nen avez pas. Y a peut-\u00eatre un truc \u00e0 faire Le blues ne se limite pas au seul Paul Personne, figure tut\u00e9laire du genre tout r\u00e9cemment pass\u00e9 par la Gespe. La preuve, cette semaine, avec The French Blues Explosion, un power trio d\u00e9capant qui.. Nous utilisons des cookies pour vous garantir la meilleure exp\u00e9rience sur notre site web. Si vous continuez \u00e0 utiliser ce site, nous supposerons que vous en \u00eates satisfait. Tous les humoristes semblent appr\u00e9cier Florence Foresti et Franck Dubosc ne fait pas exception \u00e0 cette r\u00e8gle. Amis depuis de longues ann\u00e9es il a fait partie des invit\u00e9s du spectacle Florence Foresti Friends du festival Juste pour Rire. Eux aussi se sont donn\u00e9s la r\u00e9plique dans le film Barbecue dans lequel ils jouent dailleurs un mari et sa femme et leur complicit\u00e9 \u00e9tait \u00e9vidente!  La question de la dominante est \u00e9voqu\u00e9e depuis la nuit des temps en astrologie : comme il serait agr\u00e9able de d\u00e9finir une personne par quelques mots, par une ou plusieurs plan\u00e8tes qui repr\u00e9senteraient son caract\u00e8re simplement, sans \u00eatre oblig\u00e9 danalyser longuement aspects et ma\u00eetrises, aspects et angularit\u00e9, pr\u00e9sence en signes et en maisons! Les valeurs de Feu sont peu pr\u00e9sentes dans votre th\u00e8me natal, avec seulement 9.65 au lieu de 25, la moyenne : vous pouvez manquer peut-\u00eatre de chaleur, denthousiasme, desprit de conqu\u00eate ou d\u00e9nergie, de punch, vous pouvez para\u00eetre indiff\u00e9rent ou neutre \u00e0 tout, presque \u00e9teint en terme denvies, de joie de vivre ou de capacit\u00e9 dentreprendre. En fait, ce nest pas vrai, mais vous gagneriez \u00e0 vous l\u00e2cher, \u00e0 vous forcer dans un premier temps \u00e0 exprimer ce que vous avez en vous avec davantage daudace, \u00e0 montrer votre \u00e9tonnement, votre vitalit\u00e9. Vous avez certainement autant d\u00e9nergie que les autres \u00e0 lint\u00e9rieur, il faut tout simplement quelle sorte, \u00e0 vous de la montrer un peu plus, vous nen tirerez que des avantages : criez, chantez, faites des grimaces, dansez, cest la bonne voie pour vous.. A larriv\u00e9e, on ne vous taxera plus jamais de triste, de flegmatique ou de rabat-joie! Rappelons que Florence Foresti est en tourn\u00e9e avec son nouveau spectacle Madame Foresti. Elle sera au Z\u00e9nith de Paris, du 13 au 24 janvier. Un producteur le remarque et lui permet, au d\u00e9but de lann\u00e9e 2006, dinvestir le, dont il ne tarde pas \u00e0 devenir le fer de lance. Gr\u00e2ce \u00e0 un excellent bouche \u00e0 oreille, son spectacle finit par faire salle comble tous les soirs et les bonnes critiques se multiplient. Non, je ne veux pas partir en vacances cette ann\u00e9e. Amis musulmans de Strasbourg, voici les horaires des pri\u00e8res de chaque jour du mois de juin.. Continuez \u00e0 utiliser ce dernier, nous consid\u00e9rerons que vous acceptez lutilisation des cookies. Fermer  \u4ee5\u4e0b\u306e\u72b6\u6cc1\u304c\u8003\u3048\u3089\u308c\u307e\u3059 URL \u306b\u9593\u9055\u3044\u304c\u306a\u3044\u304b\u518d\u5ea6\u78ba\u8a8d\u3057\u3066\u304f\u3060\u3055\u3044\u518d\u8aad\u307f\u8fbc\u307f\u3057\u3066\u304f\u3060\u3055\u3044 \u3054\u5229\u7528\u4e2d\u306e\u30e6\u30fc\u30b6\u30fc\u69d8\u306f \u3092\u3054\u53c2\u7167\u304f\u3060\u3055\u3044 Nine-D\u00e9tente assur\u00e9e Super soir\u00e9e. Beaucoup ri. Bons com\u00e9diens. Rires tout au long de la soir\u00e9e, \u00e7a fait du bien. A recommander fortement. <img decoding=\"async\" src=\"http:\/\/www.meniiscus.ga\/fileadmin\/_processed_\/csm_16-conf_cerquiglini_1e971f5325.jpg\" alt=\"jerome daran premiere rencontre\" align=\"left\"> <img decoding=\"async\" src=\"http:\/\/img.over-blog-kiwi.com\/0\/81\/61\/00\/20180813\/ob_dc1360_bann-jeremycharbonnel.jpg\" alt=\"jerome daran premiere rencontre\" align=\"left\">  Premier de tous qui la accueillie dans Thalassa pour que la jeune femme de 20 ans effectue, son stage de fin d\u00e9tudes en tant quinfographiste. Un premier contact avec le petit \u00e9cran qui lui a sans doute donn\u00e9 envie d\u00eatre \u00e9clair\u00e9e par les projecteurs.<\/p>\n","protected":false},"excerpt":{"rendered":"<p>jerome daran premiere rencontre<\/p>\n","protected":false},"author":1,"featured_media":0,"comment_status":"closed","ping_status":"closed","sticky":false,"template":"","format":"standard","meta":{"footnotes":""},"categories":[1],"tags":[],"_links":{"self":[{"href":"http:\/\/geodeta.gorzow.pl\/www\/wp-json\/wp\/v2\/posts\/9947"}],"collection":[{"href":"http:\/\/geodeta.gorzow.pl\/www\/wp-json\/wp\/v2\/posts"}],"about":[{"href":"http:\/\/geodeta.gorzow.pl\/www\/wp-json\/wp\/v2\/types\/post"}],"author":[{"embeddable":true,"href":"http:\/\/geodeta.gorzow.pl\/www\/wp-json\/wp\/v2\/users\/1"}],"replies":[{"embeddable":true,"href":"http:\/\/geodeta.gorzow.pl\/www\/wp-json\/wp\/v2\/comments?post=9947"}],"version-history":[{"count":1,"href":"http:\/\/geodeta.gorzow.pl\/www\/wp-json\/wp\/v2\/posts\/9947\/revisions"}],"predecessor-version":[{"id":9948,"href":"http:\/\/geodeta.gorzow.pl\/www\/wp-json\/wp\/v2\/posts\/9947\/revisions\/9948"}],"wp:attachment":[{"href":"http:\/\/geodeta.gorzow.pl\/www\/wp-json\/wp\/v2\/media?parent=9947"}],"wp:term":[{"taxonomy":"category","embeddable":true,"href":"http:\/\/geodeta.gorzow.pl\/www\/wp-json\/wp\/v2\/categories?post=9947"},{"taxonomy":"post_tag","embeddable":true,"href":"http:\/\/geodeta.gorzow.pl\/www\/wp-json\/wp\/v2\/tags?post=9947"}],"curies":[{"name":"wp","href":"https:\/\/api.w.org\/{rel}","templated":true}]}}